{"id":3470,"date":"2024-12-14T10:08:35","date_gmt":"2024-12-14T10:08:35","guid":{"rendered":"https:\/\/gradinileromane.ro\/?p=3470"},"modified":"2024-12-16T18:28:31","modified_gmt":"2024-12-16T18:28:31","slug":"cum-arata-o-zi-la-gradinile-romane-locul-unde-natura-iti-sopteste-sa-ramai","status":"publish","type":"post","link":"https:\/\/gradinileromane.ro\/en\/cum-arata-o-zi-la-gradinile-romane-locul-unde-natura-iti-sopteste-sa-ramai\/","title":{"rendered":"Cum arat\u0103 o zi la Gr\u0103dinile Romane: locul unde natura \u00ee\u021bi \u0219opte\u0219te s\u0103 r\u0103m\u00e2i"},"content":{"rendered":"<p>Imagineaz\u0103-\u021bi c\u0103 \u00eencepi ziua cu o priveli\u0219te care \u00ee\u021bi taie respira\u021bia: razele soarelui m\u00e2ng\u00e2ie lini\u0219tea lacului Bicaz, iar p\u0103s\u0103rile \u00ee\u021bi c\u00e2nt\u0103 un bun venit discret. E\u0219ti la Gr\u0103dinile Romane, un loc creat pentru cei care caut\u0103 mai mult dec\u00e2t o simpl\u0103 destina\u021bie \u2013 un loc care te \u00eendeamn\u0103 s\u0103 te deconectezi de tot ce e agitat \u0219i s\u0103 te reconectezi cu natura \u0219i cu tine \u00eensu\u021bi.<\/p>\n\n\n\n<p><strong>Dimine\u021bi \u00een care timpul \u00eencetine\u0219te<\/strong><br>Diminea\u021ba \u00eencepe pe terasa camerei tale, unde aroma cafelei proaspete se \u00eemplete\u0219te cu aerul curat al lacului. \u00cen zilele de iarn\u0103, gr\u0103dina de \u0219apte mii de metri p\u0103tra\u021bi devine un tablou desprins dintr-un basm: z\u0103pada proasp\u0103t a\u0219ternut\u0103 acoper\u0103 fiecare col\u021b, iar coloanele elegante \u0219i ghivecele ornamentale par sculpturi naturale sub mantia alb\u0103.<\/p>\n\n\n\n<p>Soarele \u00ee\u0219i face loc printre nori, transform\u00e2nd lacul \u00eentr-o oglind\u0103 aurie, \u00een timp ce arborii \u00eenc\u0103rca\u021bi de om\u0103t stau nemi\u0219ca\u021bi, asemenea unor gardieni ai lini\u0219tii. Aerul rece \u0219i pur \u00ee\u021bi limpeze\u0219te g\u00e2ndurile, iar fiecare pas prin gr\u0103din\u0103, cu z\u0103pada sc\u00e2r\u021b\u00e2ind sub picioare, te \u00eendeamn\u0103 s\u0103 te opre\u0219ti \u0219i s\u0103 respiri ad\u00e2nc. \u00cen dep\u0103rtare, mun\u021bii acoperi\u021bi de p\u0103duri completeaz\u0103 acest cadru ireal.<\/p>\n\n\n\n<p><strong>Explorare \u0219i lini\u0219te \u00een mijlocul naturii<\/strong><br>Dup\u0103 micul dejun savurat pe terasa principal\u0103, fie c\u0103 e\u0219ti \u00een plin\u0103 var\u0103 sau \u00een toiul iernii, lacul Bicaz \u00ee\u021bi ofer\u0103 momente unice. Po\u021bi lenevi pe ponton, te po\u021bi plimba cu barca \u00een sezonul cald sau po\u021bi l\u0103sa lini\u0219tea alb\u0103 a iernii s\u0103 te cuprind\u0103 \u00een plimb\u0103rile prin gr\u0103din\u0103. La Gr\u0103dinile Romane, natura are mereu ceva de oferit, indiferent de anotimp.<\/p>\n\n\n\n<p><strong>Momente care r\u0103m\u00e2n cu tine<br><\/strong>Unul dintre cele mai frumoase lucruri pe care le spun oaspe\u021bii no\u0219tri este c\u0103 locul acesta \u201ete umple de energie \u0219i te lini\u0219te\u0219te \u00een acela\u0219i timp.\u201d Fie c\u0103 cite\u0219ti o carte \u00een gr\u0103din\u0103, savurezi un cocktail la apus sau pur \u0219i simplu te bucuri de compania celor dragi, fiecare moment petrecut aici are o simplitate autentic\u0103 ce r\u0103m\u00e2ne cu tine mult timp dup\u0103 ce pleci.<\/p>\n\n\n\n<p>\u00cen zilele de iarn\u0103, c\u00e2nd lumina devine bl\u00e2nd\u0103 \u0219i umbrele se \u00eentind peste gr\u0103din\u0103, apusul pare s\u0103 opreasc\u0103 timpul. Fiecare detaliu \u2013 de la foi\u0219oarele discrete p\u00e2n\u0103 la reflexiile lacului \u2013 \u00ee\u021bi ofer\u0103 un sentiment de lini\u0219te pur\u0103.<\/p>\n\n\n\n<p><strong>Un loc creat cu g\u00e2ndul la tine<br><\/strong>Gr\u0103dinile Romane nu este doar un hotel. Este un loc care \u00ee\u021bi ofer\u0103 spa\u021biul s\u0103 fii tu \u00eensu\u021bi. De la designul inspirat de armonia naturii p\u00e2n\u0103 la gr\u0103dina care pare s\u0103 te \u00eembr\u0103\u021bi\u0219eze \u00een lini\u0219tea ei, fiecare detaliu a fost g\u00e2ndit pentru ca timpul s\u0103 capete un alt sens.<\/p>\n\n\n\n<p><strong>F\u0103-\u021bi propria poveste<br><\/strong>Primul articol de pe blogul nostru este mai mult dec\u00e2t o prezentare. Este o invita\u021bie. S\u0103 descoperi locul acesta, s\u0103 te bucuri de natur\u0103, de experien\u021be simple, dar autentice. S\u0103 creezi amintiri care s\u0103 te fac\u0103 s\u0103 vrei s\u0103 te \u00eentorci.<\/p>\n\n\n\n<p>La Gr\u0103dinile Romane, fiecare anotimp are farmecul lui, dar iarna te surprinde \u00eentr-un mod cu totul aparte. Te a\u0219tept\u0103m s\u0103 descoperi un loc special, g\u00e2ndit&nbsp;pentru&nbsp;tine.<\/p>","protected":false},"excerpt":{"rendered":"<p>Imagineaz\u0103-\u021bi c\u0103 \u00eencepi ziua cu o priveli\u0219te care \u00ee\u021bi taie respira\u021bia: razele soarelui m\u00e2ng\u00e2ie lini\u0219tea lacului Bicaz, iar p\u0103s\u0103rile \u00ee\u021bi c\u00e2nt\u0103 un bun venit discret.<\/p>","protected":false},"author":1,"featured_media":3504,"comment_status":"open","ping_status":"open","sticky":false,"template":"","format":"standard","meta":{"inline_featured_image":false,"footnotes":""},"categories":[3],"tags":[],"class_list":["post-3470","post","type-post","status-publish","format-standard","has-post-thumbnail","hentry","category-articole"],"yoast_head":"<!-- This site is optimized with the Yoast SEO plugin v25.5 - https:\/\/yoast.com\/wordpress\/plugins\/seo\/ -->\n<title>Cum arat\u0103 o zi la Gr\u0103dinile Romane: locul unde natura \u00ee\u021bi \u0219opte\u0219te s\u0103 r\u0103m\u00e2i - Gr\u0103dinile Romane<\/title>\n<meta name=\"robots\" content=\"index, follow, max-snippet:-1, max-image-preview:large, max-video-preview:-1\" \/>\n<link rel=\"canonical\" href=\"https:\/\/gradinileromane.ro\/en\/cum-arata-o-zi-la-gradinile-romane-locul-unde-natura-iti-sopteste-sa-ramai\/\" \/>\n<meta property=\"og:locale\" content=\"en_US\" \/>\n<meta property=\"og:type\" content=\"article\" \/>\n<meta property=\"og:title\" content=\"Cum arat\u0103 o zi la Gr\u0103dinile Romane: locul unde natura \u00ee\u021bi \u0219opte\u0219te s\u0103 r\u0103m\u00e2i - Gr\u0103dinile Romane\" \/>\n<meta property=\"og:description\" content=\"Imagineaz\u0103-\u021bi c\u0103 \u00eencepi ziua cu o priveli\u0219te care \u00ee\u021bi taie respira\u021bia: razele soarelui m\u00e2ng\u00e2ie lini\u0219tea lacului Bicaz, iar p\u0103s\u0103rile \u00ee\u021bi c\u00e2nt\u0103 un bun venit discret.\" \/>\n<meta property=\"og:url\" content=\"https:\/\/gradinileromane.ro\/en\/cum-arata-o-zi-la-gradinile-romane-locul-unde-natura-iti-sopteste-sa-ramai\/\" \/>\n<meta property=\"og:site_name\" content=\"Gr\u0103dinile Romane\" \/>\n<meta property=\"article:published_time\" content=\"2024-12-14T10:08:35+00:00\" \/>\n<meta property=\"article:modified_time\" content=\"2024-12-16T18:28:31+00:00\" \/>\n<meta property=\"og:image\" content=\"https:\/\/gradinileromane.ro\/wp-content\/uploads\/Cum-arata-o-zi-la-Gradinile-Romane.jpg\" \/>\n\t<meta property=\"og:image:width\" content=\"1080\" \/>\n\t<meta property=\"og:image:height\" content=\"810\" \/>\n\t<meta property=\"og:image:type\" content=\"image\/jpeg\" \/>\n<meta name=\"author\" content=\"Andrei\" \/>\n<meta name=\"twitter:card\" content=\"summary_large_image\" \/>\n<meta name=\"twitter:label1\" content=\"Written by\" \/>\n\t<meta name=\"twitter:data1\" content=\"Andrei\" \/>\n\t<meta name=\"twitter:label2\" content=\"Est. reading time\" \/>\n\t<meta name=\"twitter:data2\" content=\"3 minutes\" \/>\n<script type=\"application\/ld+json\" class=\"yoast-schema-graph\">{\"@context\":\"https:\/\/schema.org\",\"@graph\":[{\"@type\":\"WebPage\",\"@id\":\"https:\/\/gradinileromane.ro\/cum-arata-o-zi-la-gradinile-romane-locul-unde-natura-iti-sopteste-sa-ramai\/\",\"url\":\"https:\/\/gradinileromane.ro\/cum-arata-o-zi-la-gradinile-romane-locul-unde-natura-iti-sopteste-sa-ramai\/\",\"name\":\"Cum arat\u0103 o zi la Gr\u0103dinile Romane: locul unde natura \u00ee\u021bi \u0219opte\u0219te s\u0103 r\u0103m\u00e2i - Gr\u0103dinile Romane\",\"isPartOf\":{\"@id\":\"https:\/\/gradinileromane.ro\/#website\"},\"primaryImageOfPage\":{\"@id\":\"https:\/\/gradinileromane.ro\/cum-arata-o-zi-la-gradinile-romane-locul-unde-natura-iti-sopteste-sa-ramai\/#primaryimage\"},\"image\":{\"@id\":\"https:\/\/gradinileromane.ro\/cum-arata-o-zi-la-gradinile-romane-locul-unde-natura-iti-sopteste-sa-ramai\/#primaryimage\"},\"thumbnailUrl\":\"https:\/\/gradinileromane.ro\/wp-content\/uploads\/Cum-arata-o-zi-la-Gradinile-Romane.jpg\",\"datePublished\":\"2024-12-14T10:08:35+00:00\",\"dateModified\":\"2024-12-16T18:28:31+00:00\",\"author\":{\"@id\":\"https:\/\/gradinileromane.ro\/#\/schema\/person\/fd3046e3a585e72d5a8c39c9d7fa877a\"},\"breadcrumb\":{\"@id\":\"https:\/\/gradinileromane.ro\/cum-arata-o-zi-la-gradinile-romane-locul-unde-natura-iti-sopteste-sa-ramai\/#breadcrumb\"},\"inLanguage\":\"en\",\"potentialAction\":[{\"@type\":\"ReadAction\",\"target\":[\"https:\/\/gradinileromane.ro\/cum-arata-o-zi-la-gradinile-romane-locul-unde-natura-iti-sopteste-sa-ramai\/\"]}]},{\"@type\":\"ImageObject\",\"inLanguage\":\"en\",\"@id\":\"https:\/\/gradinileromane.ro\/cum-arata-o-zi-la-gradinile-romane-locul-unde-natura-iti-sopteste-sa-ramai\/#primaryimage\",\"url\":\"https:\/\/gradinileromane.ro\/wp-content\/uploads\/Cum-arata-o-zi-la-Gradinile-Romane.jpg\",\"contentUrl\":\"https:\/\/gradinileromane.ro\/wp-content\/uploads\/Cum-arata-o-zi-la-Gradinile-Romane.jpg\",\"width\":1080,\"height\":810},{\"@type\":\"BreadcrumbList\",\"@id\":\"https:\/\/gradinileromane.ro\/cum-arata-o-zi-la-gradinile-romane-locul-unde-natura-iti-sopteste-sa-ramai\/#breadcrumb\",\"itemListElement\":[{\"@type\":\"ListItem\",\"position\":1,\"name\":\"Prima pagin\u0103\",\"item\":\"https:\/\/gradinileromane.ro\/\"},{\"@type\":\"ListItem\",\"position\":2,\"name\":\"Cum arat\u0103 o zi la Gr\u0103dinile Romane: locul unde natura \u00ee\u021bi \u0219opte\u0219te s\u0103 r\u0103m\u00e2i\"}]},{\"@type\":\"WebSite\",\"@id\":\"https:\/\/gradinileromane.ro\/#website\",\"url\":\"https:\/\/gradinileromane.ro\/\",\"name\":\"Gr\u0103dinile Romane\",\"description\":\"Locul unde relaxarea devine art\u0103\",\"potentialAction\":[{\"@type\":\"SearchAction\",\"target\":{\"@type\":\"EntryPoint\",\"urlTemplate\":\"https:\/\/gradinileromane.ro\/?s={search_term_string}\"},\"query-input\":{\"@type\":\"PropertyValueSpecification\",\"valueRequired\":true,\"valueName\":\"search_term_string\"}}],\"inLanguage\":\"en\"},{\"@type\":\"Person\",\"@id\":\"https:\/\/gradinileromane.ro\/#\/schema\/person\/fd3046e3a585e72d5a8c39c9d7fa877a\",\"name\":\"Andrei\",\"image\":{\"@type\":\"ImageObject\",\"inLanguage\":\"en\",\"@id\":\"https:\/\/gradinileromane.ro\/#\/schema\/person\/image\/\",\"url\":\"https:\/\/secure.gravatar.com\/avatar\/b315b8d399a02c085408b332f94497568be0935392abe7104316db4217f33c62?s=96&d=mm&r=g\",\"contentUrl\":\"https:\/\/secure.gravatar.com\/avatar\/b315b8d399a02c085408b332f94497568be0935392abe7104316db4217f33c62?s=96&d=mm&r=g\",\"caption\":\"Andrei\"},\"sameAs\":[\"https:\/\/gradinileromane.ro\"],\"url\":\"https:\/\/gradinileromane.ro\/en\/author\/andrei\/\"}]}<\/script>\n<!-- \/ Yoast SEO plugin. -->","yoast_head_json":{"title":"Cum arat\u0103 o zi la Gr\u0103dinile Romane: locul unde natura \u00ee\u021bi \u0219opte\u0219te s\u0103 r\u0103m\u00e2i - Gr\u0103dinile Romane","robots":{"index":"index","follow":"follow","max-snippet":"max-snippet:-1","max-image-preview":"max-image-preview:large","max-video-preview":"max-video-preview:-1"},"canonical":"https:\/\/gradinileromane.ro\/en\/cum-arata-o-zi-la-gradinile-romane-locul-unde-natura-iti-sopteste-sa-ramai\/","og_locale":"en_US","og_type":"article","og_title":"Cum arat\u0103 o zi la Gr\u0103dinile Romane: locul unde natura \u00ee\u021bi \u0219opte\u0219te s\u0103 r\u0103m\u00e2i - Gr\u0103dinile Romane","og_description":"Imagineaz\u0103-\u021bi c\u0103 \u00eencepi ziua cu o priveli\u0219te care \u00ee\u021bi taie respira\u021bia: razele soarelui m\u00e2ng\u00e2ie lini\u0219tea lacului Bicaz, iar p\u0103s\u0103rile \u00ee\u021bi c\u00e2nt\u0103 un bun venit discret.","og_url":"https:\/\/gradinileromane.ro\/en\/cum-arata-o-zi-la-gradinile-romane-locul-unde-natura-iti-sopteste-sa-ramai\/","og_site_name":"Gr\u0103dinile Romane","article_published_time":"2024-12-14T10:08:35+00:00","article_modified_time":"2024-12-16T18:28:31+00:00","og_image":[{"width":1080,"height":810,"url":"https:\/\/gradinileromane.ro\/wp-content\/uploads\/Cum-arata-o-zi-la-Gradinile-Romane.jpg","type":"image\/jpeg"}],"author":"Andrei","twitter_card":"summary_large_image","twitter_misc":{"Written by":"Andrei","Est. reading time":"3 minutes"},"schema":{"@context":"https:\/\/schema.org","@graph":[{"@type":"WebPage","@id":"https:\/\/gradinileromane.ro\/cum-arata-o-zi-la-gradinile-romane-locul-unde-natura-iti-sopteste-sa-ramai\/","url":"https:\/\/gradinileromane.ro\/cum-arata-o-zi-la-gradinile-romane-locul-unde-natura-iti-sopteste-sa-ramai\/","name":"Cum arat\u0103 o zi la Gr\u0103dinile Romane: locul unde natura \u00ee\u021bi \u0219opte\u0219te s\u0103 r\u0103m\u00e2i - Gr\u0103dinile Romane","isPartOf":{"@id":"https:\/\/gradinileromane.ro\/#website"},"primaryImageOfPage":{"@id":"https:\/\/gradinileromane.ro\/cum-arata-o-zi-la-gradinile-romane-locul-unde-natura-iti-sopteste-sa-ramai\/#primaryimage"},"image":{"@id":"https:\/\/gradinileromane.ro\/cum-arata-o-zi-la-gradinile-romane-locul-unde-natura-iti-sopteste-sa-ramai\/#primaryimage"},"thumbnailUrl":"https:\/\/gradinileromane.ro\/wp-content\/uploads\/Cum-arata-o-zi-la-Gradinile-Romane.jpg","datePublished":"2024-12-14T10:08:35+00:00","dateModified":"2024-12-16T18:28:31+00:00","author":{"@id":"https:\/\/gradinileromane.ro\/#\/schema\/person\/fd3046e3a585e72d5a8c39c9d7fa877a"},"breadcrumb":{"@id":"https:\/\/gradinileromane.ro\/cum-arata-o-zi-la-gradinile-romane-locul-unde-natura-iti-sopteste-sa-ramai\/#breadcrumb"},"inLanguage":"en","potentialAction":[{"@type":"ReadAction","target":["https:\/\/gradinileromane.ro\/cum-arata-o-zi-la-gradinile-romane-locul-unde-natura-iti-sopteste-sa-ramai\/"]}]},{"@type":"ImageObject","inLanguage":"en","@id":"https:\/\/gradinileromane.ro\/cum-arata-o-zi-la-gradinile-romane-locul-unde-natura-iti-sopteste-sa-ramai\/#primaryimage","url":"https:\/\/gradinileromane.ro\/wp-content\/uploads\/Cum-arata-o-zi-la-Gradinile-Romane.jpg","contentUrl":"https:\/\/gradinileromane.ro\/wp-content\/uploads\/Cum-arata-o-zi-la-Gradinile-Romane.jpg","width":1080,"height":810},{"@type":"BreadcrumbList","@id":"https:\/\/gradinileromane.ro\/cum-arata-o-zi-la-gradinile-romane-locul-unde-natura-iti-sopteste-sa-ramai\/#breadcrumb","itemListElement":[{"@type":"ListItem","position":1,"name":"Prima pagin\u0103","item":"https:\/\/gradinileromane.ro\/"},{"@type":"ListItem","position":2,"name":"Cum arat\u0103 o zi la Gr\u0103dinile Romane: locul unde natura \u00ee\u021bi \u0219opte\u0219te s\u0103 r\u0103m\u00e2i"}]},{"@type":"WebSite","@id":"https:\/\/gradinileromane.ro\/#website","url":"https:\/\/gradinileromane.ro\/","name":"Gr\u0103dinile Romane","description":"Locul unde relaxarea devine art\u0103","potentialAction":[{"@type":"SearchAction","target":{"@type":"EntryPoint","urlTemplate":"https:\/\/gradinileromane.ro\/?s={search_term_string}"},"query-input":{"@type":"PropertyValueSpecification","valueRequired":true,"valueName":"search_term_string"}}],"inLanguage":"en"},{"@type":"Person","@id":"https:\/\/gradinileromane.ro\/#\/schema\/person\/fd3046e3a585e72d5a8c39c9d7fa877a","name":"Andrei","image":{"@type":"ImageObject","inLanguage":"en","@id":"https:\/\/gradinileromane.ro\/#\/schema\/person\/image\/","url":"https:\/\/secure.gravatar.com\/avatar\/b315b8d399a02c085408b332f94497568be0935392abe7104316db4217f33c62?s=96&d=mm&r=g","contentUrl":"https:\/\/secure.gravatar.com\/avatar\/b315b8d399a02c085408b332f94497568be0935392abe7104316db4217f33c62?s=96&d=mm&r=g","caption":"Andrei"},"sameAs":["https:\/\/gradinileromane.ro"],"url":"https:\/\/gradinileromane.ro\/en\/author\/andrei\/"}]}},"_links":{"self":[{"href":"https:\/\/gradinileromane.ro\/en\/wp-json\/wp\/v2\/posts\/3470","targetHints":{"allow":["GET"]}}],"collection":[{"href":"https:\/\/gradinileromane.ro\/en\/wp-json\/wp\/v2\/posts"}],"about":[{"href":"https:\/\/gradinileromane.ro\/en\/wp-json\/wp\/v2\/types\/post"}],"author":[{"embeddable":true,"href":"https:\/\/gradinileromane.ro\/en\/wp-json\/wp\/v2\/users\/1"}],"replies":[{"embeddable":true,"href":"https:\/\/gradinileromane.ro\/en\/wp-json\/wp\/v2\/comments?post=3470"}],"version-history":[{"count":0,"href":"https:\/\/gradinileromane.ro\/en\/wp-json\/wp\/v2\/posts\/3470\/revisions"}],"wp:featuredmedia":[{"embeddable":true,"href":"https:\/\/gradinileromane.ro\/en\/wp-json\/wp\/v2\/media\/3504"}],"wp:attachment":[{"href":"https:\/\/gradinileromane.ro\/en\/wp-json\/wp\/v2\/media?parent=3470"}],"wp:term":[{"taxonomy":"category","embeddable":true,"href":"https:\/\/gradinileromane.ro\/en\/wp-json\/wp\/v2\/categories?post=3470"},{"taxonomy":"post_tag","embeddable":true,"href":"https:\/\/gradinileromane.ro\/en\/wp-json\/wp\/v2\/tags?post=3470"}],"curies":[{"name":"wp","href":"https:\/\/api.w.org\/{rel}","templated":true}]}}